{"id":33673,"date":"2022-03-03T17:45:25","date_gmt":"2022-03-03T15:45:25","guid":{"rendered":"https:\/\/www.bau-styl.hu\/epitoanyag\/?p=33673"},"modified":"2022-07-22T16:55:22","modified_gmt":"2022-07-22T14:55:22","slug":"zold-otthon-program","status":"publish","type":"post","link":"https:\/\/www.bau-styl.hu\/epitoanyag\/zold-otthon-program\/","title":{"rendered":"Z\u00f6ld Otthon Program"},"content":{"rendered":"\n<style type=\"text\/css\" data-created_by=\"avia_inline_auto\" id=\"style-css-av-pl6c4e-e727383524f223401e3dc00bb35fbee9\">\n.flex_column.av-pl6c4e-e727383524f223401e3dc00bb35fbee9{\nborder-radius:0px 0px 0px 0px;\npadding:0px 0px 0px 0px;\n}\n<\/style>\n<div  class='flex_column av-pl6c4e-e727383524f223401e3dc00bb35fbee9 av_one_full  avia-builder-el-0  el_before_av_one_full  avia-builder-el-first  first flex_column_div av-zero-column-padding  '     ><p>\n<style type=\"text\/css\" data-created_by=\"avia_inline_auto\" id=\"style-css-av-av_heading-341019aa438d8d35f4499071ae628720\">\n#top .av-special-heading.av-av_heading-341019aa438d8d35f4499071ae628720{\npadding-bottom:10px;\n}\nbody .av-special-heading.av-av_heading-341019aa438d8d35f4499071ae628720 .av-special-heading-tag .heading-char{\nfont-size:25px;\n}\n.av-special-heading.av-av_heading-341019aa438d8d35f4499071ae628720 .av-subheading{\nfont-size:20px;\n}\n<\/style>\n<div  class='av-special-heading av-av_heading-341019aa438d8d35f4499071ae628720 av-special-heading-h3 blockquote modern-quote  avia-builder-el-1  el_before_av_textblock  avia-builder-el-first '><h3 class='av-special-heading-tag '  itemprop=\"headline\"  >Z\u00f6ld Otthon Program<\/h3><div class=\"special-heading-border\"><div class=\"special-heading-inner-border\"><\/div><\/div><\/div><br \/>\n<section  class='av_textblock_section av-k8tvsb25-9db6055e8d08bd411eab247661b9d94a '   itemscope=\"itemscope\" itemtype=\"https:\/\/schema.org\/BlogPosting\" itemprop=\"blogPost\" ><div class='avia_textblock'  itemprop=\"text\" ><div class=\"\" style=\"text-align: justify;\" data-block=\"true\" data-editor=\"bgfaa\" data-offset-key=\"6ifac-0-0\"><\/div>\n<div data-offset-key=\"5nbg6-0-0\">\n<p style=\"text-align: justify;\"><strong>Mi is ez pontosan?<\/strong><\/p>\n<p style=\"text-align: justify;\"><span style=\"font-weight: 400;\">A Z\u00f6ld Otthon Program a Magyar Nemzeti Bank N\u00f6veked\u00e9si Hitelprogramj\u00e1nak (NHP) egyik tagja. C\u00e9lja kifejezetten az, hogy &#8220;z\u00f6ld otthonok&#8221;, azaz energiagazdas\u00e1gos, k\u00f6rnyezetbar\u00e1t, min\u0151s\u00e9gi otthonok sz\u00fclessenek, illetve a m\u00e1r megl\u00e9v\u0151k k\u00f6nnyebben tal\u00e1ljanak gazd\u00e1ra. A hitelt haszn\u00e1lhatjuk teh\u00e1t lak\u00e1sv\u00e1s\u00e1rl\u00e1sra vagy \u00faj lak\u00e1s(ok) \u00e9p\u00edt\u00e9s\u00e9re is, azonban sz\u00e1mszer\u0171, konkr\u00e9t k\u00f6vetelm\u00e9ny vonatkozik az energiatan\u00fas\u00edtv\u00e1ny egyik fontos param\u00e9ter\u00e9re: az \u00fan. fajlagos primer energiafogyaszt\u00e1sra.<\/span><\/p>\n<p style=\"text-align: justify;\"><strong>Mi az energiatakar\u00e9koss\u00e1g felt\u00e9tele?<\/strong><\/p>\n<p style=\"text-align: justify;\"><span style=\"font-weight: 400;\">A Z\u00f6ld Otthon Program szempontj\u00e1b\u00f3l, nagyon r\u00f6viden: a lak\u00e1s nem &#8220;fogyaszthat&#8221; 90 kWh-t n\u00e9gyzetm\u00e9terenk\u00e9nt. Ezt \u00e9ves \u00e1tlagban m\u00e9rik, \u00e9s term\u00e9szetesen nem tartoznak bele azok az \u00e9rt\u00e9kek \/ fogyaszt\u00e1sok, amiket a lak\u00f3k szok\u00e1sai jelent\u0151sen befoly\u00e1solnak, \u00edgy nem \u00e9rtend\u0151 bele p\u00e9ld\u00e1ul a h\u00e9tk\u00f6znapi \u00e1ramfogyaszt\u00e1s &#8211; de a f\u0171t\u00e9s \u00e9s egy\u00e9b be\u00e9p\u00edtett rendszerek \u00e9s az \u00e1ltaluk haszn\u00e1lt (elektromos vagy m\u00e1s) energia igen. Ilyen szempontb\u00f3l nagyon nem mindegy teh\u00e1t, hogy \u00fajonnan \u00e9p\u00edtend\u0151 lak\u00e1sunkban mivel \u00e9s hogyan f\u0171t\u00fcnk majd.<\/span><\/p>\n<p style=\"text-align: justify;\"><span style=\"font-weight: 400;\">H\u00e1z v\u00e1s\u00e1rl\u00e1sa eset\u00e9n az energiaig\u00e9ny hat\u00e1ra valamivel magasabb (100 kWh\/m2)*, de tov\u00e1bbi fontos felt\u00e9tel, hogy a felhaszn\u00e1lt energi\u00e1t legal\u00e1bb 25%-ban meg\u00fajul\u00f3 forr\u00e1sb\u00f3l kell szereznie.<\/span><\/p>\n<p style=\"text-align: justify;\"><i><span style=\"font-weight: 400;\">* Egyes forr\u00e1sok szerint &#8220;81 \u00e9s 100 kWh\/m2 k\u00f6z\u00e9 kell esnie&#8221; az energiaig\u00e9nynek; ez teljes f\u00e9lre\u00e9rt\u00e9s, a program nyilv\u00e1n nem ad meg als\u00f3 hat\u00e1rt. A 81-100 k\u00f6z\u00f6tti tartom\u00e1ny a BB energetikai min\u0151s\u00edt\u00e9sre vonatkozik, \u00e9s az alkalmass\u00e1ghoz &#8220;legal\u00e1bb ilyenre&#8221; van sz\u00fcks\u00e9g, teh\u00e1t az enn\u00e9l jobb, AA min\u0151s\u00edt\u00e9s \u00e9rtelemszer\u0171en beletartozik a Z\u00f6ld Otthon program \u00e1ltal t\u00e1mogatott k\u00f6rbe.<\/span><\/i><\/p>\n<\/div>\n<\/div><\/section><br \/>\n\n<style type=\"text\/css\" data-created_by=\"avia_inline_auto\" id=\"style-css-av-l0b5seby-f46d3779216af1477905c5c5be38d7e5\">\n.avia-image-container.av-l0b5seby-f46d3779216af1477905c5c5be38d7e5 img.avia_image{\nbox-shadow:none;\n}\n.avia-image-container.av-l0b5seby-f46d3779216af1477905c5c5be38d7e5 .av-image-caption-overlay-center{\ncolor:#ffffff;\n}\n<\/style>\n<div  class='avia-image-container av-l0b5seby-f46d3779216af1477905c5c5be38d7e5 av-styling- avia-align-center  avia-builder-el-3  el_after_av_textblock  el_before_av_textblock '   itemprop=\"image\" itemscope=\"itemscope\" itemtype=\"https:\/\/schema.org\/ImageObject\" ><div class=\"avia-image-container-inner\"><div class=\"avia-image-overlay-wrap\"><img decoding=\"async\" fetchpriority=\"high\" class='wp-image-33674 avia-img-lazy-loading-not-33674 avia_image ' src=\"https:\/\/www.bau-styl.hu\/epitoanyag\/wp-content\/uploads\/2022\/03\/zoldhitel.jpg\" alt='' title='z\u00f6ldhitel'  height=\"600\" width=\"1200\"  itemprop=\"thumbnailUrl\" srcset=\"https:\/\/www.bau-styl.hu\/epitoanyag\/wp-content\/uploads\/2022\/03\/zoldhitel.jpg 1200w, https:\/\/www.bau-styl.hu\/epitoanyag\/wp-content\/uploads\/2022\/03\/zoldhitel-300x150.jpg 300w, https:\/\/www.bau-styl.hu\/epitoanyag\/wp-content\/uploads\/2022\/03\/zoldhitel-1030x515.jpg 1030w, https:\/\/www.bau-styl.hu\/epitoanyag\/wp-content\/uploads\/2022\/03\/zoldhitel-768x384.jpg 768w, https:\/\/www.bau-styl.hu\/epitoanyag\/wp-content\/uploads\/2022\/03\/zoldhitel-705x353.jpg 705w, https:\/\/www.bau-styl.hu\/epitoanyag\/wp-content\/uploads\/2022\/03\/zoldhitel-600x300.jpg 600w\" sizes=\"(max-width: 1200px) 100vw, 1200px\" \/><\/div><\/div><\/div><br \/>\n<section  class='av_textblock_section av-k8tvsb25-9db6055e8d08bd411eab247661b9d94a '   itemscope=\"itemscope\" itemtype=\"https:\/\/schema.org\/BlogPosting\" itemprop=\"blogPost\" ><div class='avia_textblock'  itemprop=\"text\" ><div class=\"\" style=\"text-align: justify;\" data-block=\"true\" data-editor=\"bgfaa\" data-offset-key=\"6ifac-0-0\"><\/div>\n<div data-offset-key=\"5nbg6-0-0\">\n<p style=\"text-align: justify;\"><strong>Milyen meg\u00fajul\u00f3 forr\u00e1sokat haszn\u00e1lhatok?<\/strong><\/p>\n<p style=\"text-align: justify;\"><span style=\"font-weight: 400;\">A z\u00f6ld energia m\u00e1r t\u00f6bb mint egy \u00e9vtizede k\u00f6zponti t\u00e9ma, \u00fagyhogy mind a kutat\u00e1s-fejleszt\u00e9snek, mind a piacnak volt ideje megfelel\u0151en reag\u00e1lni a kih\u00edv\u00e1sra. Kifejezetten sok megold\u00e1s l\u00e9tezik, mindegyiket agyondics\u00e9rik a r\u00e1juk szakosodott v\u00e1llalkoz\u00f3k, \u00e9s mindegyiknek van el\u0151nye is, h\u00e1tr\u00e1nya is, ez\u00e9rt fontos mindig t\u00f6bb forr\u00e1sb\u00f3l t\u00e1j\u00e9koz\u00f3dni. Megpr\u00f3b\u00e1lunk egy r\u00f6vid, objekt\u00edv \u00e1ttekint\u00e9st adni a helyzetr\u0151l.<\/span><\/p>\n<p style=\"text-align: justify;\"><span style=\"font-weight: 400;\">A leggyakoribb (\u00e9s az egyik leghat\u00e9konyabb) k\u00f6rnyezetbar\u00e1t energiaforr\u00e1s a geotermikus energia. Itt egy h\u0151szivatty\u00fa dolgozik k\u00e9t elt\u00e9r\u0151 h\u0151m\u00e9rs\u00e9klet\u0171 t\u00e9r k\u00f6z\u00f6tt, l\u00e9nyeg\u00e9ben a h\u0151t egy folyad\u00e9k hozza fel a talajb\u00f3l. Ha nagyon le akarjuk egyszer\u0171s\u00edteni, mondhatjuk r\u00e1, hogy \u201cv\u00edzzel f\u0171t\u00fcnk vizet\u201d, de ez szigor\u00faan v\u00e9ve csak a talajvizes megold\u00e1sokra igaz: a z\u00e1rt keringet\u00e9s\u0171ek szinte mindig fagy\u00e1ll\u00f3 kever\u00e9ket haszn\u00e1lnak. A teljes\u00edtm\u00e9nyr\u0151l r\u00f6viden annyit, hogy min\u00e9l messzebb vagyunk a felsz\u00ednt\u0151l, ann\u00e1l egyenletesebb: a \u201clef\u00far\u00f3s\u201d, szond\u00e1s megold\u00e1sok szinte mindig jobbak, eg\u00e9sz \u00e9vben sz\u00e1m\u00edthatunk r\u00e1juk, m\u00edg a talajkollektor a naps\u00fct\u00e9st\u0151l \u00e9s a hideg id\u0151j\u00e1r\u00e1st\u00f3l is er\u0151sen f\u00fcgg, \u201cmeg\u00e9rzi a telet\u201d.<\/span><\/p>\n<p style=\"text-align: justify;\"><span style=\"font-weight: 400;\">A hidrotermikus, aerotermikus \u00e9s geotermikus rendszerek k\u00f6z\u00f6s tulajdons\u00e1ga, hogy \u201cvalahol a k\u00f6rnyezetben energia van, \u00e9s azt kinyerj\u00fck\u201d, \u00edgy az \u00e1ll\u00f3v\u00edzbe telep\u00edtett \u00e9s a talaj felsz\u00edni r\u00e9teg\u00e9be \u00e1sott kollektor nagyon k\u00f6zeli rokonok, \u00e9s a hat\u00e9konys\u00e1guk is hasonl\u00f3. A leveg\u0151s h\u0151szivatty\u00fa (furcs\u00e1bb nev\u00e9n \u201cleveg\u0151kaz\u00e1n\u201d) m\u0171k\u00f6d\u00e9si elve eggyel bonyolultabb, viszont a telep\u00edt\u00e9se messze a legegyszer\u0171bb, nem j\u00e1r sem f\u00f6ldmunk\u00e1val, sem v\u00edz alatti szerel\u00e9ssel. Ebb\u0151l a szempontb\u00f3l egy\u00e9bk\u00e9nt (\u00faj h\u00e1z \u00e9p\u00edt\u00e9se eset\u00e9n) \u00e9rdemes megfontolni a betonalapba \u00e9p\u00edtett h\u0151cser\u00e9l\u0151 spir\u00e1lt, az \u00fan. \u201cenergiac\u00f6l\u00f6p\u00f6s\u201d megold\u00e1st: itthon egyel\u0151re ritka mad\u00e1r, \u00e9s \u00f6nmag\u00e1ban ezzel a teljes f\u0171t\u00e9si ig\u00e9nyt nem is mindig lehet biztos\u00edtani, viszont meghib\u00e1sodni aligha fog, \u00e9s az \u00e9p\u00edt\u00e9shez k\u00e9pest igaz\u00e1n nem j\u00e1r sok pluszmunk\u00e1val.<\/span><\/p>\n<p style=\"text-align: justify;\"><span style=\"font-weight: 400;\">Szint\u00e9n a legk\u00e9zenfekv\u0151bb meg\u00fajul\u00f3 forr\u00e1sok egyike a napenergia. A napkollektort \u00e9s a napelemet szerencs\u00e9re ma m\u00e1r kevesen keverik \u00f6ssze: el\u0151bbi k\u00f6zvetlen\u00fcl a h\u0151cser\u00e9l\u0151 folyad\u00e9kot meleg\u00edti, ut\u00f3bbi pedig elektromos \u00e1ramot ad, amivel azt\u00e1n azt csin\u00e1lunk, amit akarunk: h\u0171t\u00fcnk, f\u0171t\u00fcnk, felhaszn\u00e1ljuk a h\u00e1ztart\u00e1sban, vagy (ak\u00e1r!) visszat\u00e1pl\u00e1ljuk az elektromos h\u00e1l\u00f3zatba, ezzel mintegy \u201cnegat\u00edv fogyaszt\u00e1st\u201d produk\u00e1lva. A napkollektor \u00e9s a napelem is er\u0151sen \u00e9vszakf\u00fcgg\u0151: az \u00e1tmeneti id\u0151szakban a kollektor gyakran a teljes f\u0171t\u00e9st meg tudja oldani, viszont t\u00e9len maximum beseg\u00edt, 20-40 sz\u00e1zal\u00e9k erej\u00e9ig. A napelem hat\u00e9konys\u00e1ga ny\u00e1ron ak\u00e1r n\u00e9gyszerese a t\u00e9linek, \u00edgy f\u0171t\u00e9shez nem ide\u00e1lis, de a h\u0171t\u00e9shez sz\u00fcks\u00e9ges villamosenergi\u00e1nak teh\u00e1t jelent\u0151s r\u00e9sz\u00e9t (ak\u00e1r az eg\u00e9szet) meg tudjuk termelni vele.<\/span><\/p>\n<p style=\"text-align: justify;\"><span style=\"font-weight: 400;\">V\u00e9g\u00fcl ejts\u00fcnk sz\u00f3t a ritk\u00e1bb megold\u00e1sokr\u00f3l! A mindenki \u00e1ltal ismert meg\u00fajul\u00f3 forr\u00e1s, a sz\u00e9l, sajnos nem olyan hat\u00e9kony, mint amilyen j\u00f3l hangzik. Orsz\u00e1gos l\u00e9pt\u00e9kben komoly t\u00e9nyez\u0151 tud lenni, de otthoni felhaszn\u00e1l\u00e1sra alig alkalmas, \u00e9s nagyon ki vagyunk vele szolg\u00e1ltatva az id\u0151j\u00e1r\u00e1snak. Sz\u00e9ler\u0151m\u0171vet csak ritk\u00e1n tud 10-20 \u00e9ven bel\u00fcl megt\u00e9r\u00fcl\u0151v\u00e9 tenni egy h\u00e1ztart\u00e1s, \u00e9s nagyon ismerni kell hozz\u00e1 a helysz\u00edn adotts\u00e1gait. A v\u00edzer\u0151m\u0171vet eml\u00edteni sem \u00e9rdemes, hacsak nem a Niagara mellett \u00e9p\u00edtkez\u00fcnk.<\/span><\/p>\n<p style=\"text-align: justify;\"><span style=\"font-weight: 400;\">\u00c9s ott van m\u00e9g a rejt\u00e9lyes nev\u0171 \u201cbiomassza\u201d, ami viszont (leegyszer\u0171s\u00edtve) a k\u00fcl\u00f6nb\u00f6z\u0151 dolgok el\u00e9get\u00e9s\u00e9t jelenti, a fapellett\u0151l az avaron kereszt\u00fcl a bioetanolig. Biomassza alap\u00fa meg\u00fajul\u00f3 forr\u00e1st akkor \u00e9rdemes haszn\u00e1lni, ha sz\u00fcks\u00e9g van egy kieg\u00e9sz\u00edt\u0151 rendszerre, ami egy\u00e1ltal\u00e1n nem f\u00fcgg az id\u0151j\u00e1r\u00e1st\u00f3l, \u00e9s nem j\u00e1r jelent\u0151s telep\u00edt\u00e9si k\u00f6lts\u00e9ggel. Mivel \u00e9get\u00fcnk, valamennyi k\u00f6rnyezeti terhel\u00e9st persze okozunk ezzel, de cser\u00e9be azt kapjuk, hogy am\u00edg van \u00fczemanyag, addig van f\u0171t\u00e9s\u00fcnk, illetve \u00e1ramunk. A biomassz\u00e1val m\u0171k\u00f6d\u0151 kaz\u00e1nok hat\u00e9konys\u00e1ga nem <\/span><\/p>\n<\/div>\n<\/div><\/section><br \/>\n\n<style type=\"text\/css\" data-created_by=\"avia_inline_auto\" id=\"style-css-av-l0bbhczk-58218d82ad95ea73f911c9234f63ec73\">\n.av_promobox.av-l0bbhczk-58218d82ad95ea73f911c9234f63ec73{\ncolor:#444444;\nbackground:#ffffff;\nborder-color:#f17b21;\n}\n<\/style>\n<div  class='av_promobox av-l0bbhczk-58218d82ad95ea73f911c9234f63ec73 avia-button-yes  avia-builder-el-5  el_after_av_textblock  el_before_av_hr '><div class='avia-promocontent'><p>\nM\u00e9g t\u00f6bb inform\u00e1ci\u00f3 az \u00daj-H\u00e1z let\u00f6lthet\u0151 Z\u00f6ld Otthon Kisokos\u00e1ban.<\/p>\n<\/div><div  class='avia-button-wrap av-l0bbhczk-27da2287f662a102500ebb768b365bdf-wrap avia-button-right '><a href='https:\/\/www.bau-styl.hu\/epitoanyag\/wp-content\/uploads\/2022\/03\/Zold-Otthon_Kisokos.pdf'  class='avia-button av-l0bbhczk-27da2287f662a102500ebb768b365bdf av-link-btn avia-icon_select-no avia-size-large avia-position-right avia-color-theme-color'   aria-label=\"Let\u00f6lt\u00f6m\"><span class='avia_iconbox_title' >Let\u00f6lt\u00f6m<\/span><\/a><\/div><\/div><br \/>\n\n<style type=\"text\/css\" data-created_by=\"avia_inline_auto\" id=\"style-css-av-k7qdmvmz-b2d85687340e98f99fd9d9c43f5cf897\">\n#top .hr.hr-invisible.av-k7qdmvmz-b2d85687340e98f99fd9d9c43f5cf897{\nheight:50px;\n}\n<\/style>\n<div  class='hr av-k7qdmvmz-b2d85687340e98f99fd9d9c43f5cf897 hr-invisible  avia-builder-el-6  el_after_av_promobox  el_before_av_heading '><span class='hr-inner '><span class=\"hr-inner-style\"><\/span><\/span><\/div><br \/>\n\n<style type=\"text\/css\" data-created_by=\"avia_inline_auto\" id=\"style-css-av-av_heading-dcbe0433b93cc330f3586f2f770ae811\">\n#top .av-special-heading.av-av_heading-dcbe0433b93cc330f3586f2f770ae811{\npadding-bottom:10px;\n}\nbody .av-special-heading.av-av_heading-dcbe0433b93cc330f3586f2f770ae811 .av-special-heading-tag .heading-char{\nfont-size:25px;\n}\n.av-special-heading.av-av_heading-dcbe0433b93cc330f3586f2f770ae811 .av-subheading{\nfont-size:20px;\n}\n<\/style>\n<div  class='av-special-heading av-av_heading-dcbe0433b93cc330f3586f2f770ae811 av-special-heading-h3 blockquote modern-quote  avia-builder-el-7  el_after_av_hr  el_before_av_textblock '><h3 class='av-special-heading-tag '  itemprop=\"headline\"  >Term\u00e9keink a Z\u00f6ld Otthon Programhoz<\/h3><div class=\"special-heading-border\"><div class=\"special-heading-inner-border\"><\/div><\/div><\/div><br \/>\n<section  class='av_textblock_section av-l5wl3plx-f13dd168c9d81ee9b6e6b90a35836a8d '   itemscope=\"itemscope\" itemtype=\"https:\/\/schema.org\/BlogPosting\" itemprop=\"blogPost\" ><div class='avia_textblock'  itemprop=\"text\" ><p>Tov\u00e1bbi inform\u00e1ci\u00f3\u00e9rt, term\u00e9kek\u00e9rt keresse \u00e9rt\u00e9kes\u00edt\u0151inket!<\/p>\n<\/div><\/section><br \/>\n<div id='av-masonry-1' class='av-masonry av-l0b5zwio-a551ec4fbe22b360b68655d3e24b30ae noHover av-fixed-size av-large-gap av-hover-overlay-active av-masonry-animation-active av-masonry-col-3 av-caption-on-hover av-caption-style- av-masonry-entries av-small-columns-overwrite av-small-columns-2 av-mini-columns-overwrite av-mini-columns-2 ' data-post_id=\"33673\"><div class='av-masonry-sort main_color av-sort-yes' data-masonry-id='1' ><div class='av-sort-by-term  ' data-av-allowed-sort='[\"bramac-tetocserep_sort\",\"dunacenter-tetocserep_sort\",\"leier-tetocserep_sort\",\"swissporton_sort\",\"taverna_sort\",\"terran-tetocserep_sort\"]' ><a href=\"#\" data-filter=\"all_sort\" class=\"all_sort_button active_sort\"><span class=\"inner_sort_button\"><span>Mind<\/span><small class=\"avia-term-count\"> 12 <\/small><\/span><\/a><span class='text-sep bramac-tetocserep_sort_sep avia_show_sort'>\/<\/span><a href=\"#\" data-filter=\"bramac-tetocserep_sort\" class=\"bramac-tetocserep_sort_button avia_show_sort\" ><span class=\"inner_sort_button\"><span>Bramac tet\u0151cser\u00e9p<\/span><small class='avia-term-count'> 1 <\/small><\/span><\/a><span class='text-sep dunacenter-tetocserep_sort_sep avia_show_sort'>\/<\/span><a href=\"#\" data-filter=\"dunacenter-tetocserep_sort\" class=\"dunacenter-tetocserep_sort_button avia_show_sort\" ><span class=\"inner_sort_button\"><span>Dunacenter tet\u0151cser\u00e9p<\/span><small class='avia-term-count'> 6 <\/small><\/span><\/a><span class='text-sep leier-tetocserep_sort_sep avia_show_sort'>\/<\/span><a href=\"#\" data-filter=\"leier-tetocserep_sort\" class=\"leier-tetocserep_sort_button avia_show_sort\" ><span class=\"inner_sort_button\"><span>Leier tet\u0151cser\u00e9p<\/span><small class='avia-term-count'> 3 <\/small><\/span><\/a><span class='text-sep swissporton_sort_sep avia_show_sort'>\/<\/span><a href=\"#\" data-filter=\"swissporton_sort\" class=\"swissporton_sort_button avia_show_sort\" ><span class=\"inner_sort_button\"><span>SwissporTON<\/span><small class='avia-term-count'> 1 <\/small><\/span><\/a><span class='text-sep taverna_sort_sep avia_hide_sort'>\/<\/span><a href=\"#\" data-filter=\"taverna_sort\" class=\"taverna_sort_button avia_hide_sort\" ><span class=\"inner_sort_button\"><span>Taverna<\/span><small class='avia-term-count'> 0 <\/small><\/span><\/a><span class='text-sep terran-tetocserep_sort_sep avia_show_sort'>\/<\/span><a href=\"#\" data-filter=\"terran-tetocserep_sort\" class=\"terran-tetocserep_sort_button avia_show_sort\" ><span class=\"inner_sort_button\"><span>Terr\u00e1n tet\u0151cser\u00e9p<\/span><small class='avia-term-count'> 1 <\/small><\/span><\/a><\/div><\/div><div class=\"av-masonry-container isotope av-js-disabled\"><div class='av-masonry-entry isotope-item av-masonry-item-no-image all_sort dunacenter-tetocserep_sort  leier-tetocserep_sort  bramac-tetocserep_sort  swissporton_sort  terran-tetocserep_sort '><\/div><a href=\"https:\/\/www.bau-styl.hu\/epitoanyag\/termek\/dunacenter-azzurro-grigio-alapcserep\/\"  id='av-masonry-1-item-7316' data-av-masonry-item='7316' class='av-masonry-entry isotope-item post-7316 product type-product status-publish has-post-thumbnail product_brand-dunacenter product_cat-beton-cserep product_cat-tetofedes product_tag-dunacenter-tetocserep first instock taxable shipping-taxable purchasable product-type-simple all_sort dunacenter-tetocserep_sort  av-masonry-item-with-image av-grid-img' title=\"UH-431324\"   itemscope=\"itemscope\" itemtype=\"https:\/\/schema.org\/BlogPosting\" itemprop=\"blogPost\" ><div class='av-inner-masonry-sizer'><\/div><figure class='av-inner-masonry main_color'><div class=\"av-masonry-outerimage-container\"><div class='av-masonry-image-container' style=\"background-image: url(https:\/\/www.bau-styl.hu\/epitoanyag\/wp-content\/uploads\/2019\/11\/UH-431324-705x705.jpg);\"  title=\"UH-431324\" ><\/div><\/div><figcaption class='av-inner-masonry-content site-background'><div class='av-inner-masonry-content-pos'><div class='av-inner-masonry-content-pos-content'><div class='avia-arrow'><\/div><h3 class='av-masonry-entry-title entry-title '  itemprop=\"headline\" >Dunacenter Azzurro Grigio Alapcser\u00e9p<\/h3><span class=\"av-masonry-price price\"><span class=\"woocommerce-Price-amount amount\"><bdi>337&nbsp;<span class=\"woocommerce-Price-currencySymbol\">&#70;&#116;<\/span><\/bdi><\/span> <small class=\"woocommerce-price-suffix\">(Brutt\u00f3)<\/small><\/span><\/div><\/div><\/figcaption><\/figure><\/a><!--end av-masonry entry--><a href=\"https:\/\/www.bau-styl.hu\/epitoanyag\/termek\/dunacenter-azzurro-unico-alapcserep-cotto\/\"  id='av-masonry-1-item-7370' data-av-masonry-item='7370' class='av-masonry-entry isotope-item post-7370 product type-product status-publish has-post-thumbnail product_brand-dunacenter product_cat-beton-cserep product_cat-tetofedes product_tag-dunacenter-tetocserep  instock taxable shipping-taxable purchasable product-type-simple all_sort dunacenter-tetocserep_sort  av-masonry-item-with-image av-grid-img' title=\"UH-113824\"   itemscope=\"itemscope\" itemtype=\"https:\/\/schema.org\/BlogPosting\" itemprop=\"blogPost\" ><div class='av-inner-masonry-sizer'><\/div><figure class='av-inner-masonry main_color'><div class=\"av-masonry-outerimage-container\"><div class='av-masonry-image-container' style=\"background-image: url(https:\/\/www.bau-styl.hu\/epitoanyag\/wp-content\/uploads\/2019\/10\/UH-113824-705x705.jpg);\"  title=\"UH-113824\" ><\/div><\/div><figcaption class='av-inner-masonry-content site-background'><div class='av-inner-masonry-content-pos'><div class='av-inner-masonry-content-pos-content'><div class='avia-arrow'><\/div><h3 class='av-masonry-entry-title entry-title '  itemprop=\"headline\" >Dunacenter Azzurro Unico Alapcser\u00e9p cotto<\/h3><span class=\"av-masonry-price price\"><span class=\"woocommerce-Price-amount amount\"><bdi>337&nbsp;<span class=\"woocommerce-Price-currencySymbol\">&#70;&#116;<\/span><\/bdi><\/span> <small class=\"woocommerce-price-suffix\">(Brutt\u00f3)<\/small><\/span><\/div><\/div><\/figcaption><\/figure><\/a><!--end av-masonry entry--><a href=\"https:\/\/www.bau-styl.hu\/epitoanyag\/termek\/leier-toscana-classic-alapcserep-mogyoro\/\"  id='av-masonry-1-item-8402' data-av-masonry-item='8402' class='av-masonry-entry isotope-item post-8402 product type-product status-publish has-post-thumbnail product_brand-leier product_cat-beton-cserep product_cat-tetofedes product_tag-leier-tetocserep  instock taxable shipping-taxable purchasable product-type-simple all_sort leier-tetocserep_sort  av-masonry-item-with-image av-grid-img' title=\"UH-420081\"   itemscope=\"itemscope\" itemtype=\"https:\/\/schema.org\/BlogPosting\" itemprop=\"blogPost\" ><div class='av-inner-masonry-sizer'><\/div><figure class='av-inner-masonry main_color'><div class=\"av-masonry-outerimage-container\"><div class='av-masonry-image-container' style=\"background-image: url(https:\/\/www.bau-styl.hu\/epitoanyag\/wp-content\/uploads\/2019\/11\/UH-420081-705x705.jpg);\"  title=\"UH-420081\" ><\/div><\/div><figcaption class='av-inner-masonry-content site-background'><div class='av-inner-masonry-content-pos'><div class='av-inner-masonry-content-pos-content'><div class='avia-arrow'><\/div><h3 class='av-masonry-entry-title entry-title '  itemprop=\"headline\" >Leier Toscana Classic Alapcser\u00e9p mogyor\u00f3<\/h3><span class=\"av-masonry-price price\"><span class=\"woocommerce-Price-amount amount\"><bdi>479&nbsp;<span class=\"woocommerce-Price-currencySymbol\">&#70;&#116;<\/span><\/bdi><\/span> <small class=\"woocommerce-price-suffix\">(Brutt\u00f3)<\/small><\/span><\/div><\/div><\/figcaption><\/figure><\/a><!--end av-masonry entry--><a href=\"https:\/\/www.bau-styl.hu\/epitoanyag\/termek\/dunacenter-azzurro-unico-alapcserep-terra\/\"  id='av-masonry-1-item-7372' data-av-masonry-item='7372' class='av-masonry-entry isotope-item post-7372 product type-product status-publish has-post-thumbnail product_brand-dunacenter product_cat-beton-cserep product_cat-tetofedes product_tag-dunacenter-tetocserep last instock taxable shipping-taxable purchasable product-type-simple all_sort dunacenter-tetocserep_sort  av-masonry-item-with-image av-grid-img' title=\"UH-113839\"   itemscope=\"itemscope\" itemtype=\"https:\/\/schema.org\/BlogPosting\" itemprop=\"blogPost\" ><div class='av-inner-masonry-sizer'><\/div><figure class='av-inner-masonry main_color'><div class=\"av-masonry-outerimage-container\"><div class='av-masonry-image-container' style=\"background-image: url(https:\/\/www.bau-styl.hu\/epitoanyag\/wp-content\/uploads\/2019\/10\/UH-113839-705x705.jpg);\"  title=\"UH-113839\" ><\/div><\/div><figcaption class='av-inner-masonry-content site-background'><div class='av-inner-masonry-content-pos'><div class='av-inner-masonry-content-pos-content'><div class='avia-arrow'><\/div><h3 class='av-masonry-entry-title entry-title '  itemprop=\"headline\" >Dunacenter Azzurro Unico Alapcser\u00e9p terra<\/h3><span class=\"av-masonry-price price\"><span class=\"woocommerce-Price-amount amount\"><bdi>337&nbsp;<span class=\"woocommerce-Price-currencySymbol\">&#70;&#116;<\/span><\/bdi><\/span> <small class=\"woocommerce-price-suffix\">(Brutt\u00f3)<\/small><\/span><\/div><\/div><\/figcaption><\/figure><\/a><!--end av-masonry entry--><a href=\"https:\/\/www.bau-styl.hu\/epitoanyag\/termek\/dunacenter-azzurro-primo-alapcserep-antracit\/\"  id='av-masonry-1-item-7341' data-av-masonry-item='7341' class='av-masonry-entry isotope-item post-7341 product type-product status-publish has-post-thumbnail product_brand-dunacenter product_cat-beton-cserep product_cat-tetofedes product_tag-dunacenter-tetocserep first instock taxable shipping-taxable purchasable product-type-simple all_sort dunacenter-tetocserep_sort  av-masonry-item-with-image av-grid-img' title=\"UH-267662\"   itemscope=\"itemscope\" itemtype=\"https:\/\/schema.org\/BlogPosting\" itemprop=\"blogPost\" ><div class='av-inner-masonry-sizer'><\/div><figure class='av-inner-masonry main_color'><div class=\"av-masonry-outerimage-container\"><div class='av-masonry-image-container' style=\"background-image: url(https:\/\/www.bau-styl.hu\/epitoanyag\/wp-content\/uploads\/2019\/10\/UH-267662-705x705.jpg);\"  title=\"UH-267662\" ><\/div><\/div><figcaption class='av-inner-masonry-content site-background'><div class='av-inner-masonry-content-pos'><div class='av-inner-masonry-content-pos-content'><div class='avia-arrow'><\/div><h3 class='av-masonry-entry-title entry-title '  itemprop=\"headline\" >Dunacenter Azzurro Primo Alapcser\u00e9p antracit<\/h3><span class=\"av-masonry-price price\"><span class=\"woocommerce-Price-amount amount\"><bdi>357&nbsp;<span class=\"woocommerce-Price-currencySymbol\">&#70;&#116;<\/span><\/bdi><\/span> <small class=\"woocommerce-price-suffix\">(Brutt\u00f3)<\/small><\/span><\/div><\/div><\/figcaption><\/figure><\/a><!--end av-masonry entry--><a href=\"https:\/\/www.bau-styl.hu\/epitoanyag\/termek\/bramac-romai-novo-plus-alapcserep-barna\/\"  id='av-masonry-1-item-6698' data-av-masonry-item='6698' class='av-masonry-entry isotope-item post-6698 product type-product status-publish has-post-thumbnail product_brand-bramac product_cat-beton-cserep product_cat-tetofedes product_tag-bramac-tetocserep  instock taxable shipping-taxable purchasable product-type-simple all_sort bramac-tetocserep_sort  av-masonry-item-with-image av-grid-img' title=\"Bramac R\u00f3mai Merito Plus Alapcser\u00e9p barna UH-263088\"   itemscope=\"itemscope\" itemtype=\"https:\/\/schema.org\/BlogPosting\" itemprop=\"blogPost\" ><div class='av-inner-masonry-sizer'><\/div><figure class='av-inner-masonry main_color'><div class=\"av-masonry-outerimage-container\"><div class='av-masonry-image-container' style=\"background-image: url(https:\/\/www.bau-styl.hu\/epitoanyag\/wp-content\/uploads\/2020\/11\/Bramac-Romai-Merito-Plus-Alapcserep-barna-UH-263088-.jpg);\"  title=\"Bramac R\u00f3mai Merito Plus Alapcser\u00e9p barna UH-263088\" ><\/div><\/div><figcaption class='av-inner-masonry-content site-background'><div class='av-inner-masonry-content-pos'><div class='av-inner-masonry-content-pos-content'><div class='avia-arrow'><\/div><h3 class='av-masonry-entry-title entry-title '  itemprop=\"headline\" >Bramac R\u00f3mai Novo Alapcser\u00e9p barna<\/h3><span class=\"av-masonry-price price\"><span class=\"woocommerce-Price-amount amount\"><bdi>470&nbsp;<span class=\"woocommerce-Price-currencySymbol\">&#70;&#116;<\/span><\/bdi><\/span> <small class=\"woocommerce-price-suffix\">(Brutt\u00f3)<\/small><\/span><\/div><\/div><\/figcaption><\/figure><\/a><!--end av-masonry entry--><a href=\"https:\/\/www.bau-styl.hu\/epitoanyag\/termek\/dunacenter-azzurro-primo-alapcserep-barna\/\"  id='av-masonry-1-item-7342' data-av-masonry-item='7342' class='av-masonry-entry isotope-item post-7342 product type-product status-publish has-post-thumbnail product_brand-dunacenter product_cat-beton-cserep product_cat-tetofedes product_tag-dunacenter-tetocserep  instock taxable shipping-taxable purchasable product-type-simple all_sort dunacenter-tetocserep_sort  av-masonry-item-with-image av-grid-img' title=\"UH-361684\"   itemscope=\"itemscope\" itemtype=\"https:\/\/schema.org\/BlogPosting\" itemprop=\"blogPost\" ><div class='av-inner-masonry-sizer'><\/div><figure class='av-inner-masonry main_color'><div class=\"av-masonry-outerimage-container\"><div class='av-masonry-image-container' style=\"background-image: url(https:\/\/www.bau-styl.hu\/epitoanyag\/wp-content\/uploads\/2019\/10\/UH-361684-705x705.jpg);\"  title=\"UH-361684\" ><\/div><\/div><figcaption class='av-inner-masonry-content site-background'><div class='av-inner-masonry-content-pos'><div class='av-inner-masonry-content-pos-content'><div class='avia-arrow'><\/div><h3 class='av-masonry-entry-title entry-title '  itemprop=\"headline\" >Dunacenter Azzurro Primo Alapcser\u00e9p barna<\/h3><span class=\"av-masonry-price price\"><span class=\"woocommerce-Price-amount amount\"><bdi>350&nbsp;<span class=\"woocommerce-Price-currencySymbol\">&#70;&#116;<\/span><\/bdi><\/span> <small class=\"woocommerce-price-suffix\">(Brutt\u00f3)<\/small><\/span><\/div><\/div><\/figcaption><\/figure><\/a><!--end av-masonry entry--><a href=\"https:\/\/www.bau-styl.hu\/epitoanyag\/termek\/dunacenter-azzurro-nomad-alapcserep-szurke\/\"  id='av-masonry-1-item-7325' data-av-masonry-item='7325' class='av-masonry-entry isotope-item post-7325 product type-product status-publish has-post-thumbnail product_brand-dunacenter product_cat-beton-cserep product_cat-tetofedes product_tag-dunacenter-tetocserep last instock taxable shipping-taxable purchasable product-type-simple all_sort dunacenter-tetocserep_sort  av-masonry-item-with-image av-grid-img' title=\"UH-113770\"   itemscope=\"itemscope\" itemtype=\"https:\/\/schema.org\/BlogPosting\" itemprop=\"blogPost\" ><div class='av-inner-masonry-sizer'><\/div><figure class='av-inner-masonry main_color'><div class=\"av-masonry-outerimage-container\"><div class='av-masonry-image-container' style=\"background-image: url(https:\/\/www.bau-styl.hu\/epitoanyag\/wp-content\/uploads\/2019\/10\/UH-113770-705x705.jpg);\"  title=\"UH-113770\" ><\/div><\/div><figcaption class='av-inner-masonry-content site-background'><div class='av-inner-masonry-content-pos'><div class='av-inner-masonry-content-pos-content'><div class='avia-arrow'><\/div><h3 class='av-masonry-entry-title entry-title '  itemprop=\"headline\" >Dunacenter Azzurro Nom\u00e1d Alapcser\u00e9p sz\u00fcrke<\/h3><span class=\"av-masonry-price price\"><span class=\"woocommerce-Price-amount amount\"><bdi>324&nbsp;<span class=\"woocommerce-Price-currencySymbol\">&#70;&#116;<\/span><\/bdi><\/span> <small class=\"woocommerce-price-suffix\">(Brutt\u00f3)<\/small><\/span><\/div><\/div><\/figcaption><\/figure><\/a><!--end av-masonry entry--><a href=\"https:\/\/www.bau-styl.hu\/epitoanyag\/termek\/leier-toscana-classic-alapcserep-teglavoros\/\"  id='av-masonry-1-item-8404' data-av-masonry-item='8404' class='av-masonry-entry isotope-item post-8404 product type-product status-publish has-post-thumbnail product_brand-leier product_cat-beton-cserep product_cat-tetofedes product_tag-leier-tetocserep first instock taxable shipping-taxable purchasable product-type-simple all_sort leier-tetocserep_sort  av-masonry-item-with-image av-grid-img' title=\"UH-420083\"   itemscope=\"itemscope\" itemtype=\"https:\/\/schema.org\/BlogPosting\" itemprop=\"blogPost\" ><div class='av-inner-masonry-sizer'><\/div><figure class='av-inner-masonry main_color'><div class=\"av-masonry-outerimage-container\"><div class='av-masonry-image-container' style=\"background-image: url(https:\/\/www.bau-styl.hu\/epitoanyag\/wp-content\/uploads\/2019\/11\/UH-420083-705x705.jpg);\"  title=\"UH-420083\" ><\/div><\/div><figcaption class='av-inner-masonry-content site-background'><div class='av-inner-masonry-content-pos'><div class='av-inner-masonry-content-pos-content'><div class='avia-arrow'><\/div><h3 class='av-masonry-entry-title entry-title '  itemprop=\"headline\" >Leier Toscana Classic Alapcser\u00e9p t\u00e9glav\u00f6r\u00f6s<\/h3><span class=\"av-masonry-price price\"><span class=\"woocommerce-Price-amount amount\"><bdi>479&nbsp;<span class=\"woocommerce-Price-currencySymbol\">&#70;&#116;<\/span><\/bdi><\/span> <small class=\"woocommerce-price-suffix\">(Brutt\u00f3)<\/small><\/span><\/div><\/div><\/figcaption><\/figure><\/a><!--end av-masonry entry--><a href=\"https:\/\/www.bau-styl.hu\/epitoanyag\/termek\/swissporton-rona-alapcserep-szegmensvagasu-naturvoros\/\"  id='av-masonry-1-item-4905' data-av-masonry-item='4905' class='av-masonry-entry isotope-item post-4905 product type-product status-publish has-post-thumbnail product_brand-swissportton product_cat-keramia-cserep product_cat-tetofedes product_tag-swissporton  instock taxable shipping-taxable purchasable product-type-simple all_sort swissporton_sort  av-masonry-item-with-image av-grid-img' title=\"Creaton R\u00f3na szegm.v. Alapcser\u00e9p nat\u00farv\u00f6r\u00f6s\"   itemscope=\"itemscope\" itemtype=\"https:\/\/schema.org\/BlogPosting\" itemprop=\"blogPost\" ><div class='av-inner-masonry-sizer'><\/div><figure class='av-inner-masonry main_color'><div class=\"av-masonry-outerimage-container\"><div class='av-masonry-image-container' style=\"background-image: url(https:\/\/www.bau-styl.hu\/epitoanyag\/wp-content\/uploads\/2019\/10\/Creaton-Rona-szegm.v.-Alapcserep-naturvoros-1.jpg);\"  title=\"Creaton R\u00f3na szegm.v. Alapcser\u00e9p nat\u00farv\u00f6r\u00f6s\" ><\/div><\/div><figcaption class='av-inner-masonry-content site-background'><div class='av-inner-masonry-content-pos'><div class='av-inner-masonry-content-pos-content'><div class='avia-arrow'><\/div><h3 class='av-masonry-entry-title entry-title '  itemprop=\"headline\" >SwissporTON R\u00f3na Alapcser\u00e9p szegmensv\u00e1g\u00e1s\u00fa nat\u00farv\u00f6r\u00f6s<\/h3><span class=\"av-masonry-price price\"><span class=\"woocommerce-Price-amount amount\"><bdi>354&nbsp;<span class=\"woocommerce-Price-currencySymbol\">&#70;&#116;<\/span><\/bdi><\/span> <small class=\"woocommerce-price-suffix\">(Brutt\u00f3)<\/small><\/span><\/div><\/div><\/figcaption><\/figure><\/a><!--end av-masonry entry--><a href=\"https:\/\/www.bau-styl.hu\/epitoanyag\/termek\/leier-toscana-classic-alapcserep-fekete\/\"  id='av-masonry-1-item-8401' data-av-masonry-item='8401' class='av-masonry-entry isotope-item post-8401 product type-product status-publish has-post-thumbnail product_brand-leier product_cat-beton-cserep product_cat-tetofedes product_tag-leier-tetocserep  instock taxable shipping-taxable purchasable product-type-simple all_sort leier-tetocserep_sort  av-masonry-item-with-image av-grid-img' title=\"UH-420080\"   itemscope=\"itemscope\" itemtype=\"https:\/\/schema.org\/BlogPosting\" itemprop=\"blogPost\" ><div class='av-inner-masonry-sizer'><\/div><figure class='av-inner-masonry main_color'><div class=\"av-masonry-outerimage-container\"><div class='av-masonry-image-container' style=\"background-image: url(https:\/\/www.bau-styl.hu\/epitoanyag\/wp-content\/uploads\/2019\/11\/UH-420080-705x705.jpg);\"  title=\"UH-420080\" ><\/div><\/div><figcaption class='av-inner-masonry-content site-background'><div class='av-inner-masonry-content-pos'><div class='av-inner-masonry-content-pos-content'><div class='avia-arrow'><\/div><h3 class='av-masonry-entry-title entry-title '  itemprop=\"headline\" >Leier Toscana Classic Alapcser\u00e9p fekete<\/h3><span class=\"av-masonry-price price\"><span class=\"woocommerce-Price-amount amount\"><bdi>479&nbsp;<span class=\"woocommerce-Price-currencySymbol\">&#70;&#116;<\/span><\/bdi><\/span> <small class=\"woocommerce-price-suffix\">(Brutt\u00f3)<\/small><\/span><\/div><\/div><\/figcaption><\/figure><\/a><!--end av-masonry entry--><a href=\"https:\/\/www.bau-styl.hu\/epitoanyag\/termek\/terran-synus-alapcserep-antracit-colorsystem\/\"  id='av-masonry-1-item-4066' data-av-masonry-item='4066' class='av-masonry-entry isotope-item post-4066 product type-product status-publish has-post-thumbnail product_brand-terran product_cat-beton-cserep product_cat-tetofedes product_tag-terran-tetocserep last instock taxable shipping-taxable purchasable product-type-simple all_sort terran-tetocserep_sort  av-masonry-item-with-image av-grid-img' title=\"Terr\u00e1n Synus Alapcser\u00e9p colorsystem fekete UH-002469\"   itemscope=\"itemscope\" itemtype=\"https:\/\/schema.org\/BlogPosting\" itemprop=\"blogPost\" ><div class='av-inner-masonry-sizer'><\/div><figure class='av-inner-masonry main_color'><div class=\"av-masonry-outerimage-container\"><div class='av-masonry-image-container' style=\"background-image: url(https:\/\/www.bau-styl.hu\/epitoanyag\/wp-content\/uploads\/2020\/11\/Terran-Synus-Alapcserep-colorsystem-fekete-UH-002469.jpg);\"  title=\"Terr\u00e1n Synus Alapcser\u00e9p colorsystem fekete UH-002469\" ><\/div><\/div><figcaption class='av-inner-masonry-content site-background'><div class='av-inner-masonry-content-pos'><div class='av-inner-masonry-content-pos-content'><div class='avia-arrow'><\/div><h3 class='av-masonry-entry-title entry-title '  itemprop=\"headline\" >Terr\u00e1n Synus alapcser\u00e9p antracit colorsystem<\/h3><span class=\"av-masonry-price price\"><span class=\"woocommerce-Price-amount amount\"><bdi>449&nbsp;<span class=\"woocommerce-Price-currencySymbol\">&#70;&#116;<\/span><\/bdi><\/span> <small class=\"woocommerce-price-suffix\">(Brutt\u00f3)<\/small><\/span><\/div><\/div><\/figcaption><\/figure><\/a><!--end av-masonry entry--><\/div><\/div><br \/>\n\n<style type=\"text\/css\" data-created_by=\"avia_inline_auto\" id=\"style-css-av-k7qdmvmz-b2d85687340e98f99fd9d9c43f5cf897\">\n#top .hr.hr-invisible.av-k7qdmvmz-b2d85687340e98f99fd9d9c43f5cf897{\nheight:50px;\n}\n<\/style>\n<div  class='hr av-k7qdmvmz-b2d85687340e98f99fd9d9c43f5cf897 hr-invisible  avia-builder-el-10  el_after_av_masonry_entries  el_before_av_button  avia-builder-el-first '><span class='hr-inner '><span class=\"hr-inner-style\"><\/span><\/span><\/div><br \/>\n<div  class='avia-button-wrap av-l0b6hbeo-33d5714a8dbe5f4ce600dc3bba1355a2-wrap avia-button-center  avia-builder-el-11  el_after_av_hr  avia-builder-el-last '><a href=''  class='avia-button av-l0b6hbeo-33d5714a8dbe5f4ce600dc3bba1355a2 av-link-btn avia-icon_select-no avia-size-large avia-position-center avia-color-theme-color'   aria-label=\"M\u00e9g t\u00f6bb term\u00e9k a Z\u00f6ld Otthon Programhoz\"><span class='avia_iconbox_title' >M\u00e9g t\u00f6bb term\u00e9k a Z\u00f6ld Otthon Programhoz<\/span><\/a><\/div><\/p><\/div>\n<style type=\"text\/css\" data-created_by=\"avia_inline_auto\" id=\"style-css-av-iash7h-13ad2ebcf04aa1c2252524815a45b4a3\">\n.flex_column.av-iash7h-13ad2ebcf04aa1c2252524815a45b4a3{\nborder-radius:0px 0px 0px 0px;\npadding:0px 0px 0px 0px;\n}\n<\/style>\n<div  class='flex_column av-iash7h-13ad2ebcf04aa1c2252524815a45b4a3 av_one_full  avia-builder-el-12  el_after_av_one_full  avia-builder-el-last  first flex_column_div av-zero-column-padding  column-top-margin'     ><p><div  class='av-social-sharing-box av-1i4finx-e0552a46d34e7fc37f5fa155e987baaa av-social-sharing-box-default  avia-builder-el-13  el_before_av_hr  avia-builder-el-first  av-social-sharing-box-fullwidth'><div class=\"av-share-box\"><h5 class='av-share-link-description av-no-toc '>Bejegyz\u00e9s megoszt\u00e1sa<\/h5><ul class=\"av-share-box-list noLightbox\"><li class='av-share-link av-social-link-facebook avia_social_iconfont' ><a target=\"_blank\" aria-label=\"Megoszt\u00e1s Facebook\" href='https:\/\/www.facebook.com\/sharer.php?u=https:\/\/www.bau-styl.hu\/epitoanyag\/zold-otthon-program\/&#038;t=Z%C3%B6ld%20Otthon%20Program' data-av_icon='\ue8f3' data-av_iconfont='entypo-fontello'  title='' data-avia-related-tooltip='Megoszt\u00e1s Facebook'><span class='avia_hidden_link_text'>Megoszt\u00e1s Facebook<\/span><\/a><\/li><li class='av-share-link av-social-link-twitter avia_social_iconfont' ><a target=\"_blank\" aria-label=\"Megoszt\u00e1s X\" href='https:\/\/twitter.com\/share?text=Z%C3%B6ld%20Otthon%20Program&#038;url=https:\/\/www.bau-styl.hu\/epitoanyag\/?p=33673' data-av_icon='\ue932' data-av_iconfont='entypo-fontello'  title='' data-avia-related-tooltip='Megoszt\u00e1s X'><span class='avia_hidden_link_text'>Megoszt\u00e1s X<\/span><\/a><\/li><li class='av-share-link av-social-link-pinterest avia_social_iconfont' ><a target=\"_blank\" aria-label=\"Megoszt\u00e1s Pinterest\" href='https:\/\/pinterest.com\/pin\/create\/button\/?url=https%3A%2F%2Fwww.bau-styl.hu%2Fepitoanyag%2Fzold-otthon-program%2F&#038;description=Z%C3%B6ld%20Otthon%20Program&#038;media=https%3A%2F%2Fwww.bau-styl.hu%2Fepitoanyag%2Fwp-content%2Fuploads%2F2022%2F03%2Fzoldhitel-705x353.jpg' data-av_icon='\ue8f8' data-av_iconfont='entypo-fontello'  title='' data-avia-related-tooltip='Megoszt\u00e1s Pinterest'><span class='avia_hidden_link_text'>Megoszt\u00e1s Pinterest<\/span><\/a><\/li><li class='av-share-link av-social-link-mail avia_social_iconfont' ><a  aria-label=\"Megoszt\u00e1s emailben\" href='mailto:?subject=Z%C3%B6ld%20Otthon%20Program&#038;body=https:\/\/www.bau-styl.hu\/epitoanyag\/zold-otthon-program\/' data-av_icon='\ue805' data-av_iconfont='entypo-fontello'  title='' data-avia-related-tooltip='Megoszt\u00e1s emailben'><span class='avia_hidden_link_text'>Megoszt\u00e1s emailben<\/span><\/a><\/li><\/ul><\/div><\/div><br \/>\n\n<style type=\"text\/css\" data-created_by=\"avia_inline_auto\" id=\"style-css-av-k7qdmvmz-b2d85687340e98f99fd9d9c43f5cf897\">\n#top .hr.hr-invisible.av-k7qdmvmz-b2d85687340e98f99fd9d9c43f5cf897{\nheight:50px;\n}\n<\/style>\n<div  class='hr av-k7qdmvmz-b2d85687340e98f99fd9d9c43f5cf897 hr-invisible  avia-builder-el-14  el_after_av_social_share  el_before_av_contact '><span class='hr-inner '><span class=\"hr-inner-style\"><\/span><\/span><\/div><br \/>\n<form action=\"https:\/\/www.bau-styl.hu\/epitoanyag\/zold-otthon-program\/\" method=\"post\" data-fields-with-error=\"Found errors in the following field(s):\" class=\"avia_ajax_form av-form-labels-visible   avia-builder-el-15  el_after_av_hr  avia-builder-el-last   \" data-avia-form-id=\"1\" data-avia-redirect='' ><h3 class=''>Szeretne els\u0151k\u00e9nt \u00e9rtes\u00fclni leg\u00fajabb aj\u00e1nlatainkr\u00f3l? \u00cdratkozzon fel h\u00edrlevel\u00fcnkre!<\/h3><fieldset><p class='  first_form  form_element form_element_half' id='element_avia_1_1'><label for=\"avia_1_1\">N\u00e9v <abbr class=\"required\" title=\"required\">*<\/abbr><\/label> <input name=\"avia_1_1\" class=\"text_input is_empty\" type=\"text\" id=\"avia_1_1\" value=\"\" \/><\/p><p class='  form_element form_element_half' id='element_avia_2_1'><label for=\"avia_2_1\">E-Mail <abbr class=\"required\" title=\"required\">*<\/abbr><\/label> <input name=\"avia_2_1\" class=\"text_input is_email\" type=\"text\" id=\"avia_2_1\" value=\"\" \/><\/p><p class=\"hidden\"><input type=\"text\" name=\"avia_3_1\" class=\"hidden \" id=\"avia_3_1\" value=\"\" \/><\/p><p class=' av_form_privacy_check av_contact_privacy_check first_form  form_element form_fullwidth' id='element_avia_4_1'><input  name=\"avia_4_1\" class=\"input_checkbox is_empty\" type=\"checkbox\" id=\"avia_4_1\" value=\"true\"\/><label class=\"input_checkbox_label\" for=\"avia_4_1\">Elfogadom az <a href=\"https:\/\/www.bau-styl.hu\/epitoanyag\/adatkezelesi-tajekoztato\/\">Adatkezel\u00e9si t\u00e1j\u00e9koztat\u00f3<\/a>-ban foglaltakat. <abbr class=\"required\" title=\"required\">*<\/abbr><\/label><\/p><p class=\"form_element \"><input type=\"hidden\" value=\"1\" name=\"avia_generated_form1\" \/><input type=\"submit\" value=\"Feliratkoz\u00e1s\" class=\"button\"  data-sending-label=\"K\u00fcld\u00e9s\"\/><\/p><\/fieldset><\/form><div id=\"ajaxresponse_1\" class=\"ajaxresponse ajaxresponse_1 hidden\"><\/div><\/p><\/div><\/p>\n","protected":false},"excerpt":{"rendered":"","protected":false},"author":245,"featured_media":33674,"comment_status":"open","ping_status":"open","sticky":false,"template":"","format":"standard","meta":{"footnotes":""},"categories":[8516,1],"tags":[],"class_list":["post-33673","post","type-post","status-publish","format-standard","has-post-thumbnail","hentry","category-epitkezes-elott-alloknak","category-erdekessegek"],"aioseo_notices":[],"_links":{"self":[{"href":"https:\/\/www.bau-styl.hu\/epitoanyag\/wp-json\/wp\/v2\/posts\/33673","targetHints":{"allow":["GET"]}}],"collection":[{"href":"https:\/\/www.bau-styl.hu\/epitoanyag\/wp-json\/wp\/v2\/posts"}],"about":[{"href":"https:\/\/www.bau-styl.hu\/epitoanyag\/wp-json\/wp\/v2\/types\/post"}],"author":[{"embeddable":true,"href":"https:\/\/www.bau-styl.hu\/epitoanyag\/wp-json\/wp\/v2\/users\/245"}],"replies":[{"embeddable":true,"href":"https:\/\/www.bau-styl.hu\/epitoanyag\/wp-json\/wp\/v2\/comments?post=33673"}],"version-history":[{"count":0,"href":"https:\/\/www.bau-styl.hu\/epitoanyag\/wp-json\/wp\/v2\/posts\/33673\/revisions"}],"wp:featuredmedia":[{"embeddable":true,"href":"https:\/\/www.bau-styl.hu\/epitoanyag\/wp-json\/wp\/v2\/media\/33674"}],"wp:attachment":[{"href":"https:\/\/www.bau-styl.hu\/epitoanyag\/wp-json\/wp\/v2\/media?parent=33673"}],"wp:term":[{"taxonomy":"category","embeddable":true,"href":"https:\/\/www.bau-styl.hu\/epitoanyag\/wp-json\/wp\/v2\/categories?post=33673"},{"taxonomy":"post_tag","embeddable":true,"href":"https:\/\/www.bau-styl.hu\/epitoanyag\/wp-json\/wp\/v2\/tags?post=33673"}],"curies":[{"name":"wp","href":"https:\/\/api.w.org\/{rel}","templated":true}]}}